{"id":7737,"date":"2025-05-14T09:50:31","date_gmt":"2025-05-14T08:50:31","guid":{"rendered":"https:\/\/www.zabalganabhi.eus\/?p=7737"},"modified":"2025-05-14T09:55:09","modified_gmt":"2025-05-14T08:55:09","slug":"conte-avec-moi-cuenta-cuentos-en-frances","status":"publish","type":"post","link":"https:\/\/www.zabalganabhi.eus\/?p=7737&lang=es","title":{"rendered":"Conte avec moi (Cuenta cuentos en franc\u00e9s)"},"content":{"rendered":"\n<p>El 19 de marzo Samuel Mountoumnjou, cuentacuentos camerun\u00e9s, nos visit\u00f3 en el instituto. <\/p>\n\n\n\n<p>Nuestros alumnos de franc\u00e9s de 2\u00ba y 3\u00ba de la ESO tuvieron la oportunidad de disfrutar con las leyendas y cuentos de su pa\u00eds.<\/p>\n\n\n\n<figure class=\"wp-block-gallery has-nested-images columns-default is-cropped wp-block-gallery-1 is-layout-flex wp-block-gallery-is-layout-flex\">\n<figure class=\"wp-block-image size-large\"><img fetchpriority=\"high\" decoding=\"async\" width=\"1024\" height=\"768\" data-id=\"7739\" src=\"https:\/\/www.zabalganabhi.eus\/wp-content\/uploads\/2025\/05\/IMG20250319140732-DEBORA-FERNANDEZ-ANDINO-2-1024x768.jpg\" alt=\"\" class=\"wp-image-7739\" srcset=\"https:\/\/www.zabalganabhi.eus\/wp-content\/uploads\/2025\/05\/IMG20250319140732-DEBORA-FERNANDEZ-ANDINO-2-1024x768.jpg 1024w, https:\/\/www.zabalganabhi.eus\/wp-content\/uploads\/2025\/05\/IMG20250319140732-DEBORA-FERNANDEZ-ANDINO-2-300x225.jpg 300w, https:\/\/www.zabalganabhi.eus\/wp-content\/uploads\/2025\/05\/IMG20250319140732-DEBORA-FERNANDEZ-ANDINO-2-768x576.jpg 768w, https:\/\/www.zabalganabhi.eus\/wp-content\/uploads\/2025\/05\/IMG20250319140732-DEBORA-FERNANDEZ-ANDINO-2-1536x1152.jpg 1536w, https:\/\/www.zabalganabhi.eus\/wp-content\/uploads\/2025\/05\/IMG20250319140732-DEBORA-FERNANDEZ-ANDINO-2-2048x1536.jpg 2048w\" sizes=\"(max-width: 1024px) 100vw, 1024px\" \/><\/figure>\n\n\n\n<figure class=\"wp-block-image size-large\"><img decoding=\"async\" width=\"1024\" height=\"768\" data-id=\"7741\" src=\"https:\/\/www.zabalganabhi.eus\/wp-content\/uploads\/2025\/05\/IMG20250319135321-DEBORA-FERNANDEZ-ANDINO-2-1024x768.jpg\" alt=\"\" class=\"wp-image-7741\" srcset=\"https:\/\/www.zabalganabhi.eus\/wp-content\/uploads\/2025\/05\/IMG20250319135321-DEBORA-FERNANDEZ-ANDINO-2-1024x768.jpg 1024w, https:\/\/www.zabalganabhi.eus\/wp-content\/uploads\/2025\/05\/IMG20250319135321-DEBORA-FERNANDEZ-ANDINO-2-300x225.jpg 300w, https:\/\/www.zabalganabhi.eus\/wp-content\/uploads\/2025\/05\/IMG20250319135321-DEBORA-FERNANDEZ-ANDINO-2-768x576.jpg 768w, https:\/\/www.zabalganabhi.eus\/wp-content\/uploads\/2025\/05\/IMG20250319135321-DEBORA-FERNANDEZ-ANDINO-2-1536x1152.jpg 1536w, https:\/\/www.zabalganabhi.eus\/wp-content\/uploads\/2025\/05\/IMG20250319135321-DEBORA-FERNANDEZ-ANDINO-2-2048x1536.jpg 2048w\" sizes=\"(max-width: 1024px) 100vw, 1024px\" \/><\/figure>\n<\/figure>\n","protected":false},"excerpt":{"rendered":"<p>El 19 de marzo Samuel Mountoumnjou, cuentacuentos camerun\u00e9s, nos visit\u00f3 en el instituto. Nuestros alumnos de franc\u00e9s de 2\u00ba y 3\u00ba de la ESO tuvieron la oportunidad de disfrutar con las leyendas y cuentos de su pa\u00eds.<\/p>\n","protected":false},"author":1,"featured_media":0,"comment_status":"closed","ping_status":"closed","sticky":false,"template":"","format":"standard","meta":{"footnotes":""},"categories":[9],"tags":[],"class_list":["post-7737","post","type-post","status-publish","format-standard","hentry","category-uncategorized-es"],"gutentor_comment":0,"_links":{"self":[{"href":"https:\/\/www.zabalganabhi.eus\/index.php?rest_route=\/wp\/v2\/posts\/7737","targetHints":{"allow":["GET"]}}],"collection":[{"href":"https:\/\/www.zabalganabhi.eus\/index.php?rest_route=\/wp\/v2\/posts"}],"about":[{"href":"https:\/\/www.zabalganabhi.eus\/index.php?rest_route=\/wp\/v2\/types\/post"}],"author":[{"embeddable":true,"href":"https:\/\/www.zabalganabhi.eus\/index.php?rest_route=\/wp\/v2\/users\/1"}],"replies":[{"embeddable":true,"href":"https:\/\/www.zabalganabhi.eus\/index.php?rest_route=%2Fwp%2Fv2%2Fcomments&post=7737"}],"version-history":[{"count":2,"href":"https:\/\/www.zabalganabhi.eus\/index.php?rest_route=\/wp\/v2\/posts\/7737\/revisions"}],"predecessor-version":[{"id":7742,"href":"https:\/\/www.zabalganabhi.eus\/index.php?rest_route=\/wp\/v2\/posts\/7737\/revisions\/7742"}],"wp:attachment":[{"href":"https:\/\/www.zabalganabhi.eus\/index.php?rest_route=%2Fwp%2Fv2%2Fmedia&parent=7737"}],"wp:term":[{"taxonomy":"category","embeddable":true,"href":"https:\/\/www.zabalganabhi.eus\/index.php?rest_route=%2Fwp%2Fv2%2Fcategories&post=7737"},{"taxonomy":"post_tag","embeddable":true,"href":"https:\/\/www.zabalganabhi.eus\/index.php?rest_route=%2Fwp%2Fv2%2Ftags&post=7737"}],"curies":[{"name":"wp","href":"https:\/\/api.w.org\/{rel}","templated":true}]}}